{"id":1234,"date":"2026-04-28T00:01:01","date_gmt":"2026-04-27T22:01:01","guid":{"rendered":"https:\/\/vspaudorf.ac.at\/?p=1234"},"modified":"2026-04-28T00:01:01","modified_gmt":"2026-04-27T22:01:01","slug":"landesjugendsingen-2026","status":"publish","type":"post","link":"https:\/\/vspaudorf.ac.at\/index.php\/2026\/04\/28\/landesjugendsingen-2026\/","title":{"rendered":"Landesjugendsingen 2026"},"content":{"rendered":"\n<p>Am 22.April 2026 war es so weit: Der Chor der VS Paudorf in Begleitung ihrer Lehrerinnen Elisabeth K\u00f6ck, MA BEd und Dipl.P\u00e4d. Manuela Deinbacher nahm am Landesjugendsingen in Grafenegg teil. Voller Vorfreude marschierten die jungen S\u00e4nger:innen in den Konzertsaal des Auditoriums ein, wo sie ihr K\u00f6nnen unter Beweis stellen durften. Mit Klavierbegleitung von Musikschullehrer Mag. Augustinus Brunner und unter der Leitung von Elisabeth K\u00f6ck wurde dieser Auftritt zu einem unvergesslichen musikalischen Erlebnis!<\/p>\n\n\n\n<figure class=\"wp-block-gallery has-nested-images columns-default is-cropped wp-block-gallery-1 is-layout-flex wp-block-gallery-is-layout-flex\">\n<figure class=\"wp-block-image size-large\"><img loading=\"lazy\" decoding=\"async\" width=\"929\" height=\"1024\" data-id=\"1249\" src=\"https:\/\/vspaudorf.ac.at\/wp-content\/uploads\/2026\/04\/2026_04_landesjugendsingen_02-2-929x1024.jpg\" alt=\"\" class=\"wp-image-1249\" srcset=\"https:\/\/vspaudorf.ac.at\/wp-content\/uploads\/2026\/04\/2026_04_landesjugendsingen_02-2-929x1024.jpg 929w, https:\/\/vspaudorf.ac.at\/wp-content\/uploads\/2026\/04\/2026_04_landesjugendsingen_02-2-272x300.jpg 272w, https:\/\/vspaudorf.ac.at\/wp-content\/uploads\/2026\/04\/2026_04_landesjugendsingen_02-2-768x846.jpg 768w, https:\/\/vspaudorf.ac.at\/wp-content\/uploads\/2026\/04\/2026_04_landesjugendsingen_02-2-600x661.jpg 600w, https:\/\/vspaudorf.ac.at\/wp-content\/uploads\/2026\/04\/2026_04_landesjugendsingen_02-2-945x1041.jpg 945w, https:\/\/vspaudorf.ac.at\/wp-content\/uploads\/2026\/04\/2026_04_landesjugendsingen_02-2.jpg 1089w\" sizes=\"auto, (max-width: 929px) 100vw, 929px\" \/><\/figure>\n\n\n\n<figure class=\"wp-block-image size-large\"><img loading=\"lazy\" decoding=\"async\" width=\"952\" height=\"1024\" data-id=\"1248\" src=\"https:\/\/vspaudorf.ac.at\/wp-content\/uploads\/2026\/04\/2026_04_landesjugendsingen_03-2-952x1024.jpg\" alt=\"\" class=\"wp-image-1248\" srcset=\"https:\/\/vspaudorf.ac.at\/wp-content\/uploads\/2026\/04\/2026_04_landesjugendsingen_03-2-952x1024.jpg 952w, https:\/\/vspaudorf.ac.at\/wp-content\/uploads\/2026\/04\/2026_04_landesjugendsingen_03-2-279x300.jpg 279w, https:\/\/vspaudorf.ac.at\/wp-content\/uploads\/2026\/04\/2026_04_landesjugendsingen_03-2-768x826.jpg 768w, https:\/\/vspaudorf.ac.at\/wp-content\/uploads\/2026\/04\/2026_04_landesjugendsingen_03-2-600x645.jpg 600w, https:\/\/vspaudorf.ac.at\/wp-content\/uploads\/2026\/04\/2026_04_landesjugendsingen_03-2-945x1016.jpg 945w, https:\/\/vspaudorf.ac.at\/wp-content\/uploads\/2026\/04\/2026_04_landesjugendsingen_03-2.jpg 1116w\" sizes=\"auto, (max-width: 952px) 100vw, 952px\" \/><\/figure>\n<\/figure>\n\n\n\n<figure class=\"wp-block-gallery has-nested-images columns-default is-cropped wp-block-gallery-2 is-layout-flex wp-block-gallery-is-layout-flex\">\n<figure class=\"wp-block-image size-large\"><img loading=\"lazy\" decoding=\"async\" width=\"854\" height=\"1024\" data-id=\"1258\" src=\"https:\/\/vspaudorf.ac.at\/wp-content\/uploads\/2026\/04\/2026_04_landesjugendsingen_06-3-854x1024.jpg\" alt=\"\" class=\"wp-image-1258\" srcset=\"https:\/\/vspaudorf.ac.at\/wp-content\/uploads\/2026\/04\/2026_04_landesjugendsingen_06-3-854x1024.jpg 854w, https:\/\/vspaudorf.ac.at\/wp-content\/uploads\/2026\/04\/2026_04_landesjugendsingen_06-3-250x300.jpg 250w, https:\/\/vspaudorf.ac.at\/wp-content\/uploads\/2026\/04\/2026_04_landesjugendsingen_06-3-768x921.jpg 768w, https:\/\/vspaudorf.ac.at\/wp-content\/uploads\/2026\/04\/2026_04_landesjugendsingen_06-3-1281x1536.jpg 1281w, https:\/\/vspaudorf.ac.at\/wp-content\/uploads\/2026\/04\/2026_04_landesjugendsingen_06-3-600x720.jpg 600w, https:\/\/vspaudorf.ac.at\/wp-content\/uploads\/2026\/04\/2026_04_landesjugendsingen_06-3-945x1133.jpg 945w, https:\/\/vspaudorf.ac.at\/wp-content\/uploads\/2026\/04\/2026_04_landesjugendsingen_06-3.jpg 1500w\" sizes=\"auto, (max-width: 854px) 100vw, 854px\" \/><\/figure>\n\n\n\n<figure class=\"wp-block-image size-large\"><img loading=\"lazy\" decoding=\"async\" width=\"922\" height=\"1024\" data-id=\"1251\" src=\"https:\/\/vspaudorf.ac.at\/wp-content\/uploads\/2026\/04\/2026_04_landesjugendsingen_04-2-922x1024.jpg\" alt=\"\" class=\"wp-image-1251\" srcset=\"https:\/\/vspaudorf.ac.at\/wp-content\/uploads\/2026\/04\/2026_04_landesjugendsingen_04-2-922x1024.jpg 922w, https:\/\/vspaudorf.ac.at\/wp-content\/uploads\/2026\/04\/2026_04_landesjugendsingen_04-2-270x300.jpg 270w, https:\/\/vspaudorf.ac.at\/wp-content\/uploads\/2026\/04\/2026_04_landesjugendsingen_04-2-768x853.jpg 768w, https:\/\/vspaudorf.ac.at\/wp-content\/uploads\/2026\/04\/2026_04_landesjugendsingen_04-2-600x667.jpg 600w, https:\/\/vspaudorf.ac.at\/wp-content\/uploads\/2026\/04\/2026_04_landesjugendsingen_04-2-945x1050.jpg 945w, https:\/\/vspaudorf.ac.at\/wp-content\/uploads\/2026\/04\/2026_04_landesjugendsingen_04-2.jpg 1080w\" sizes=\"auto, (max-width: 922px) 100vw, 922px\" \/><\/figure>\n\n\n\n<figure class=\"wp-block-image size-large\"><img loading=\"lazy\" decoding=\"async\" width=\"885\" height=\"1024\" data-id=\"1257\" src=\"https:\/\/vspaudorf.ac.at\/wp-content\/uploads\/2026\/04\/2026_04_landesjugendsingen_5-1-885x1024.jpg\" alt=\"\" class=\"wp-image-1257\" srcset=\"https:\/\/vspaudorf.ac.at\/wp-content\/uploads\/2026\/04\/2026_04_landesjugendsingen_5-1-885x1024.jpg 885w, https:\/\/vspaudorf.ac.at\/wp-content\/uploads\/2026\/04\/2026_04_landesjugendsingen_5-1-259x300.jpg 259w, https:\/\/vspaudorf.ac.at\/wp-content\/uploads\/2026\/04\/2026_04_landesjugendsingen_5-1-768x889.jpg 768w, https:\/\/vspaudorf.ac.at\/wp-content\/uploads\/2026\/04\/2026_04_landesjugendsingen_5-1-600x694.jpg 600w, https:\/\/vspaudorf.ac.at\/wp-content\/uploads\/2026\/04\/2026_04_landesjugendsingen_5-1-945x1094.jpg 945w, https:\/\/vspaudorf.ac.at\/wp-content\/uploads\/2026\/04\/2026_04_landesjugendsingen_5-1.jpg 1037w\" sizes=\"auto, (max-width: 885px) 100vw, 885px\" \/><\/figure>\n<\/figure>\n\n\n\n<figure class=\"wp-block-image size-large\"><img decoding=\"async\" src=\"https:\/\/vspaudorf.ac.at\/wp-content\/uploads\/2026\/04\/2026_04_landesjugendsingen_01-3-1024x697.jpg\" alt=\"\" class=\"wp-image-1254\"\/><\/figure>\n","protected":false},"excerpt":{"rendered":"<p>Chor der VS Paudorf in Grafenegg<\/p>\n","protected":false},"author":1,"featured_media":1260,"comment_status":"closed","ping_status":"","sticky":false,"template":"","format":"standard","meta":{"footnotes":""},"categories":[1,11],"tags":[30,29],"class_list":["post-1234","post","type-post","status-publish","format-standard","has-post-thumbnail","hentry","category-allgemein","category-musikschwerpunkt","tag-chor","tag-jugendsingen"],"_links":{"self":[{"href":"https:\/\/vspaudorf.ac.at\/index.php\/wp-json\/wp\/v2\/posts\/1234","targetHints":{"allow":["GET"]}}],"collection":[{"href":"https:\/\/vspaudorf.ac.at\/index.php\/wp-json\/wp\/v2\/posts"}],"about":[{"href":"https:\/\/vspaudorf.ac.at\/index.php\/wp-json\/wp\/v2\/types\/post"}],"author":[{"embeddable":true,"href":"https:\/\/vspaudorf.ac.at\/index.php\/wp-json\/wp\/v2\/users\/1"}],"replies":[{"embeddable":true,"href":"https:\/\/vspaudorf.ac.at\/index.php\/wp-json\/wp\/v2\/comments?post=1234"}],"version-history":[{"count":9,"href":"https:\/\/vspaudorf.ac.at\/index.php\/wp-json\/wp\/v2\/posts\/1234\/revisions"}],"predecessor-version":[{"id":1266,"href":"https:\/\/vspaudorf.ac.at\/index.php\/wp-json\/wp\/v2\/posts\/1234\/revisions\/1266"}],"wp:featuredmedia":[{"embeddable":true,"href":"https:\/\/vspaudorf.ac.at\/index.php\/wp-json\/wp\/v2\/media\/1260"}],"wp:attachment":[{"href":"https:\/\/vspaudorf.ac.at\/index.php\/wp-json\/wp\/v2\/media?parent=1234"}],"wp:term":[{"taxonomy":"category","embeddable":true,"href":"https:\/\/vspaudorf.ac.at\/index.php\/wp-json\/wp\/v2\/categories?post=1234"},{"taxonomy":"post_tag","embeddable":true,"href":"https:\/\/vspaudorf.ac.at\/index.php\/wp-json\/wp\/v2\/tags?post=1234"}],"curies":[{"name":"wp","href":"https:\/\/api.w.org\/{rel}","templated":true}]}}